{"id":955,"date":"2022-09-15T23:10:46","date_gmt":"2022-09-15T21:10:46","guid":{"rendered":"http:\/\/www.igatamus.com\/bgc\/?p=955"},"modified":"2022-09-18T14:29:37","modified_gmt":"2022-09-18T12:29:37","slug":"methanisation-gachis-alimentaire-droit-devant","status":"publish","type":"post","link":"https:\/\/www.igatamus.com\/bgc\/2022\/09\/15\/methanisation-gachis-alimentaire-droit-devant\/","title":{"rendered":"M\u00e9thanisation : g\u00e2chis alimentaire droit devant"},"content":{"rendered":"<div class=\"et_pb_module et_pb_post_title et_pb_post_title_0 et_pb_bg_layout_light et_pb_text_align_left\">\n<div class=\"et_pb_title_container\">\n<div class=\"et_pb_module et_pb_post_title et_pb_post_title_0 et_pb_bg_layout_light et_pb_text_align_left\">\n<div class=\"et_pb_title_container\">\n<h6 class=\"entry-title\">par<span>\u00a0<\/span><span class=\"author vcard\"><a title=\"Articles de Rapha\u00ebl Baldos\" href=\"https:\/\/splann.org\/author\/raphael\/\" rel=\"author\">Rapha\u00ebl Baldos<\/a><\/span><span>\u00a0<\/span>|<span>\u00a0<\/span><span class=\"published\">15 09 2022<\/span><\/h6>\n<\/div>\n<\/div>\n<div class=\"et_pb_module et_pb_text et_pb_text_1 et_pb_text_align_left et_pb_bg_layout_light\">\n<div class=\"et_pb_text_inner\">\n<p><strong>Au lieu d\u2019\u00eatre utilis\u00e9es pour nourrir humains et animaux, des denr\u00e9es et cultures sont englouties en masse dans les m\u00e9thaniseurs. Contourner la loi pour laisser le champ libre au \u00ab ma\u00efs \u00e9nerg\u00e9tique \u00bb est un jeu d\u2019enfant, bien compris par les agriculteurs. Car les d\u00e9s sont pip\u00e9s : produire de l\u2019\u00e9nergie rapporte plus qu\u2019\u00e9lever des vaches.<\/strong><\/p>\n<\/div>\n<\/div>\n<\/div>\n<\/div>\n<p><!--more--><\/p>\n<div class=\"et_pb_module et_pb_text et_pb_text_1 et_pb_text_align_left et_pb_bg_layout_light\">\n<div class=\"et_pb_text_inner\">\n<ul>\n<li>Des denr\u00e9es alimentaires sont utilis\u00e9es pour produire du gaz.<\/li>\n<li>Pour faire pousser toujours plus de ma\u00efs destin\u00e9 aux m\u00e9thaniseurs, une technique simple permet de contourner la r\u00e9glementation.<\/li>\n<li>L\u2019\u00e9volution de la m\u00e9thanisation fait craindre un sc\u00e9nario \u00e0 l\u2019allemande o\u00f9 les cultures \u00e9nerg\u00e9tiques concurrencent les cultures alimentaires.<\/li>\n<\/ul>\n<p>Du lait, des pommes de terre, du bl\u00e9 ou du ma\u00efs. Alors que la s\u00e9cheresse et la guerre en Ukraine font craindre des difficult\u00e9s d\u2019approvisionnement en fourrages et en aliments, ici, en Bretagne, on produit de la nourriture\u2026 qui ne nourrira personne.<\/p>\n<p>Des denr\u00e9es alimentaires viennent r\u00e9guli\u00e8rement compl\u00e9ter la mixture engloutie par certains m\u00e9thaniseurs agricoles. Ceux-ci produisent du m\u00e9thane, transform\u00e9 ensuite en \u00e9lectricit\u00e9 ou utilis\u00e9 sous la forme gazeuse, parfois appel\u00e9e \u00ab biogaz \u00bb. \u00c0 La Chapelle-Neuve, dans le Morbihan, l\u2019entreprise de m\u00e9thanisation Tinerzh, cr\u00e9\u00e9e par cinq agriculteurs, annonce ainsi,<span>\u00a0<\/span><a href=\"https:\/\/splann.org\/wp-content\/uploads\/2022\/09\/220401-Splann-SARL-Tinerzh-Keriven-Dossier-ICPE-enregistrement-methanisation.pdf\">dans son dossier soumis r\u00e9cemment \u00e0 consultation publique<\/a>, l\u2019\u00ab incorporation uniquement d\u2019effluents d\u2019\u00e9levage, de sous-produits animaux tels que lait ou produits issus du lait et denr\u00e9es alimentaires d\u2019origine animale issues exclusivement des industries agro-alimentaires (IAA) [\u2026] \u00bb.<\/p>\n<p>Mais pourquoi g\u00e2cher de la nourriture pour produire de l\u2019\u00e9nergie, alors que la m\u00e9thanisation se vante de recycler les effluents d\u2019\u00e9levage (lisier, fumier\u2026) ? Eh bien parce que certaines cultures et certains produits alimentaires sont bien plus m\u00e9thanog\u00e8nes que ces effluents, c\u2019est-\u00e0-dire qu\u2019elles produisent plus de m\u00e9thane. La fermentation du fumier est bien moins efficace que celle du ma\u00efs.<\/p>\n<p>C\u2019est pour cette raison, par exemple, que l\u2019entreprise Margaron SAS, \u00e0 Roybon, en Is\u00e8re,<span>\u00a0<\/span><a href=\"https:\/\/splann.org\/wp-content\/uploads\/2022\/09\/200117-Splann-Margaron-Nutrition-Solutions-Pomme-de-terre-entiere-methaniseur.pdf\">fournit des pommes de terre aux m\u00e9thaniseurs<\/a>. Le tubercule, comme d\u2019autres aliments, ne s\u2019appr\u00e9cie plus seulement pour son int\u00e9r\u00eat nutritionnel, mais aussi selon ses capacit\u00e9s \u00e0 produire du m\u00e9thane. Il en va de m\u00eame pour le ma\u00efs, dont l\u2019arriv\u00e9e en Bretagne correspond \u00e0 l\u2019av\u00e8nement de l\u2019\u00e9levage intensif.<\/p>\n<p>Ces pratiques, qui mettent en concurrence l\u2019alimentation et la production de m\u00e9thane, ne sont a priori pas ill\u00e9gales, les denr\u00e9es \u00e9tant vendues comme des d\u00e9chets. Mais elles viennent contredire les principes de la m\u00e9thanisation agricole,<span>\u00a0<\/span><a href=\"https:\/\/www.ecologie.gouv.fr\/es\/node\/2980\">tels que pr\u00e9sent\u00e9s par le minist\u00e8re de la Transition \u00e9cologique<\/a><span>\u00a0<\/span>: \u00ab Les unit\u00e9s de m\u00e9thanisation agricole ou \u00ab\u00a0\u00e0 la ferme\u00a0\u00bb ne traitent que les effluents agricoles (fumier, lisier\u2026). \u00bb<\/p>\n<p>Le risque de d\u00e9rive est connu.<span>\u00a0<\/span><a href=\"https:\/\/www.legifrance.gouv.fr\/codes\/id\/LEGISCTA000032861241\/2017-01-01\">Le Code de l\u2019environnement interdit<\/a><span>\u00a0<\/span>de jeter dans les m\u00e9thaniseurs trop de v\u00e9g\u00e9taux issus des \u00ab cultures principales \u00bb : pas plus de 15 % des intrants qu\u2019on jette dans le m\u00e9thaniseur par an. Cependant, la production de m\u00e9thane n\u00e9cessite un approvisionnement 24 heures sur 24. Il faut donc alimenter son installation en continu. Et pour tenir la cadence, les exploitants introduisent dans leur m\u00e9thaniseur des cultures et lisiers issus de leurs terres ou d\u2019autres fermes, ainsi que des co-produits de l\u2019industrie agroalimentaire. La tentation d\u2019utiliser des cultures en principe destin\u00e9es \u00e0 l\u2019alimentation humaine ou animale, bien plus int\u00e9ressantes pour produire du m\u00e9thane, incite certains agriculteurs \u00e0 des tours de passe-passe.<\/p>\n<h2>Contourner la r\u00e9glementation, en un clic<\/h2>\n<p>En automne, d\u00e9bute en Bretagne la r\u00e9colte du ma\u00efs ensilage. Apr\u00e8s cette culture d\u2019\u00e9t\u00e9, une autre plante, comme l\u2019orge ou le triticale, est sem\u00e9e pour \u00eatre r\u00e9colt\u00e9e en hiver. Cette rotation des cultures, \u00e0 la base de l\u2019agronomie, est un \u00e9l\u00e9ment essentiel dans la gestion de la fertilit\u00e9 des sols, la lutte contre les bio-agresseurs (agents pathog\u00e8nes), et donc un atout pour l\u2019augmentation des rendements. Cultiv\u00e9es pour l\u2019alimentation humaine ou animale, certaines plantes servent aussi \u00e0 nourrir et prot\u00e9ger les sols. Mais, \u00e0 la suite de la loi sur la transition \u00e9nerg\u00e9tique de 2015, un autre type de culture appara\u00eet dans les champs : la culture interm\u00e9diaire \u00e0 vocation \u00e9nerg\u00e9tique (CIVE).<\/p>\n<p>Implant\u00e9e et r\u00e9colt\u00e9e entre deux cultures principales dans une rotation culturale, la CIVE est utilis\u00e9e comme intrant dans une unit\u00e9 de m\u00e9thanisation agricole, apr\u00e8s avoir jou\u00e9 un r\u00f4le de couvert v\u00e9g\u00e9tal<span>\u00a0<\/span><span class=\"\">pour prot\u00e9ger les sols de l\u2019\u00e9rosion ou les cours d\u2019eau du ruissellement des polluants<\/span>. Aucune limite n\u2019est fix\u00e9e dans l\u2019introduction des CIVE dans les m\u00e9thaniseurs, contrairement aux cultures principales (ma\u00efs, chou, orge\u2026), qui ne peuvent d\u00e9passer 15 % des intrants par an.<\/p>\n<p>C\u2019est l\u00e0 que se trouve la faille. Certains m\u00e9thaniseurs contournent cette r\u00e9glementation. Difficile de dire combien, d\u2019autant plus que les contr\u00f4les sont presque inexistants (lire : \u00ab La m\u00e9thanisation hors de contr\u00f4le \u00bb). Pourtant, cette faille est connue des pouvoirs publics.<\/p>\n<p><strong>D\u00e9clarer une c\u00e9r\u00e9ale, habituellement culture principale, comme \u00ab culture d\u00e9rob\u00e9e \u00bb, ou CIVE, se fait d\u2019un simple clic. La technique est d\u00e9sormais bien rod\u00e9e : on s\u00e8me avant le 15 mai des c\u00e9r\u00e9ales, comme du sorgho ou du seigle fourrager, d\u00e9sign\u00e9es comme cultures principales sur le site\u00a0<a href=\"https:\/\/www.telepac.agriculture.gouv.fr\/telepac\/auth\/accueil.action\">TelePAC<\/a>, passage oblig\u00e9 pour toucher les aides de la politique agricole commune conditionn\u00e9es au respect de la diversit\u00e9 des cultures. Puis, \u00e0 partir du 15 mai, date butoir des t\u00e9l\u00e9d\u00e9clarations, on s\u00e8me du ma\u00efs, d\u00e9sign\u00e9 comme CIVE, ou culture secondaire. Il n\u2019est donc pas comptabilis\u00e9 pour la PAC\u2026 mais demeure \u00e9ligible \u00e0 la subvention de l\u2019ADEME au titre de la m\u00e9thanisation (40 \u20ac\/MWh dans une limite de 600 000 \u20ac).<\/strong><\/p>\n<p><strong>R\u00e9colt\u00e9 vers le 15 septembre, ce ma\u00efs pourra \u00eatre utilis\u00e9 dans le m\u00e9thaniseur sans craindre de d\u00e9passer la limite des 15 % d\u2019intrants issus de cultures principales. Avec un rendement moyen de 2 300 m\u00b3 de m\u00e9thane \u00e0 l\u2019hectare, le ma\u00efs offre un approvisionnement id\u00e9al pour le m\u00e9thaniseur (calcul \u00e0 partir du rendement moyen de 10 tonnes de ma\u00efs par hectare).<\/strong><\/p>\n<h2>\u00ab L\u2019\u00e9nergie paie mieux que les produits agricoles \u00bb<\/h2>\n<p>\u00ab<span>\u00a0<\/span><em>Sur la m\u00eame parcelle, la m\u00eame ann\u00e9e, on peut ainsi mettre deux cultures d\u00e9di\u00e9es au m\u00e9thaniseur,<\/em><span>\u00a0<\/span>pointe Ren\u00e9 Louail, ancien \u00e9leveur porcin et ex-porte-parole de la Conf\u00e9d\u00e9ration paysanne.<span>\u00a0<\/span><em>J\u2019aurais ainsi b\u00e9n\u00e9fici\u00e9 de la PAC pour la culture principale et des aides publiques sur les CIVE au titre de la production d\u2019\u00e9nergie.<\/em><span>\u00a0<\/span>\u00bb Le syndicaliste paysan de gauche affirme avoir constat\u00e9 cette d\u00e9rive dans plusieurs exploitations de sa commune \u00e0 Saint-Mayeux, pr\u00e8s de Guerl\u00e9dan (22).<\/p>\n<p>\u00ab\u00a0<em>On voit cette pratique s\u2019\u00e9tendre chez les exploitants de la m\u00e9thanisation,<\/em><span>\u00a0<\/span>confirme Denis Cohan, \u00e9leveur de vaches laiti\u00e8res, de porcs et de poules pondeuses bio \u00e0 Saint-Gilles (35).<span>\u00a0<\/span><em>Au d\u00e9part on parlait d\u2019introduire dans les m\u00e9thaniseurs les d\u00e9chets des communes : c\u2019est du pipeau, on n\u2019en met pas un gramme !<\/em>\u00a0\u00bb<\/p>\n<p>\u00ab<span>\u00a0<\/span><em>Les CIVE ont \u00e9t\u00e9 d\u00e9tourn\u00e9es pour alimenter la m\u00e9thanisation<\/em><span>\u00a0<\/span>\u00bb, abonde Agn\u00e8s Henry,<span>\u00a0<\/span><a href=\"https:\/\/splann.org\/wp-content\/uploads\/2022\/09\/210706-Splann-France-AgriMer-Proces-verbal-groupe-de-travail-methanisation-agricole-et-agroalimentaire.pdf\">au cours d\u2019une r\u00e9union, avec le minist\u00e8re de l\u2019Agriculture, du groupe de travail M\u00e9thanisation agricole et agroalimentaire, le 6 juillet 2021<\/a>. Pour la secr\u00e9taire g\u00e9n\u00e9rale de la Coordination rurale de Seine-et-Marne, syndicat agricole class\u00e9 \u00e0 droite, \u00ab la pratique de protection des sols et de rotation des cultures s\u2019est fourvoy\u00e9e dans la politique \u00e9nerg\u00e9tique de neutralit\u00e9 carbone \u00bb.<\/p>\n<p>Charlotte Quenard, charg\u00e9e de mission de la chambre r\u00e9gionale d\u2019agriculture de Bretagne, confirme ces analyses : \u00ab<span>\u00a0<\/span><em>L\u2019\u00e9nergie paie mieux que les produits agricoles. Le probl\u00e8me de base, c\u2019est \u00e7a. On gagne plus d\u2019argent \u00e0 produire de l\u2019\u00e9nergie que de l\u2019alimentation.<\/em><span>\u00a0<\/span>\u00bb<\/p>\n<p>C\u00f4t\u00e9 minist\u00e8re de l\u2019Agriculture, L\u00e9a Molini\u00e9, charg\u00e9e de mission m\u00e9thanisation et \u00e9nergies renouvelables, conc\u00e8de lors d\u2019une r\u00e9union en juillet 2021 (document en bo\u00eete noire) que \u00ab<span>\u00a0<\/span><em>la l\u00e9gislation actuelle ne permet pas de limiter l\u2019usage des CIVE et des r\u00e9sidus de cultures en m\u00e9thanisation<\/em><span>\u00a0<\/span>\u00bb. Lors de son intervention, elle mentionne aussi les critiques de plus en plus audibles concernant \u00ab<em><span>\u00a0<\/span>la crainte d\u2019un d\u00e9tournement des sols agricoles de leur vocation alimentaire \u00bb et \u00ab les inqui\u00e9tudes sur la concurrence d\u2019usages des fourrages entre m\u00e9thanisation et alimentation animale en p\u00e9riode de s\u00e9cheresse<\/em><span>\u00a0<\/span>\u00bb. D\u00e9but ao\u00fbt 2022,<span>\u00a0<\/span><a href=\"https:\/\/splann.org\/wp-content\/uploads\/2022\/09\/220808-Splann-FDSEA-JA-35-Invitation-presse-quelles-consequences-de-la-secheresse-pour-les-eleveurs.jpg\" data-slb-active=\"1\" data-slb-asset=\"1927711757\" data-slb-internal=\"0\">la FDSEA d\u2019Ille-et-Vilaine \u00e9voque \u00e0 son tour<\/a><span>\u00a0<\/span>des situations de \u00ab<span>\u00a0<\/span><em>\u00ab\u00a0concurrence\u00a0\u00bb sur les usages du ma\u00efs entre les \u00e9leveurs et certaines unit\u00e9s de m\u00e9thanisation<\/em><span>\u00a0<\/span>\u00bb.<\/p>\n<p>Un<span>\u00a0<\/span><a href=\"https:\/\/www.legifrance.gouv.fr\/jorf\/id\/JORFTEXT000046144291\">d\u00e9cret du 4 ao\u00fbt 2022<\/a>\u00a0tente de corriger les contournements de la r\u00e8gle des 15 %. Une culture est d\u00e9sormais consid\u00e9r\u00e9e comme principale d\u00e8s lors qu\u2019elle est pr\u00e9sente sur la parcelle au 1er juin. Un cadre peu exigeant qui pourrait m\u00eame provoquer des effets ind\u00e9sirables. \u00ab<span>\u00a0<\/span><em>Un ma\u00efs implant\u00e9 le 2 juin et cultiv\u00e9 \u00e0 renfort d\u2019intrants [lisier, fumier\u2026 NDLR] et d\u2019irrigation pourrait ainsi approvisionner un digesteur sans limite, posant des questions d\u2019acceptabilit\u00e9<\/em><span>\u00a0<\/span>\u00bb,<a href=\"https:\/\/www.lafranceagricole.fr\/actualites\/cultures\/methanisation-le-decret-sur-les-cultures-energetiques-est-paru-1,3,1621355647.html\"><span>\u00a0<\/span>relevait le journal<span>\u00a0<\/span><\/a><a href=\"https:\/\/www.lafranceagricole.fr\/actualites\/cultures\/methanisation-le-decret-sur-les-cultures-energetiques-est-paru-1,3,1621355647.html\">La France agricole<\/a><a href=\"https:\/\/www.lafranceagricole.fr\/actualites\/cultures\/methanisation-le-decret-sur-les-cultures-energetiques-est-paru-1,3,1621355647.html\">, le 5 ao\u00fbt<\/a>.<\/p>\n<h2>400 hectares de cultures pour un m\u00e9thaniseur<\/h2>\n<p><a href=\"https:\/\/splann.org\/wp-content\/uploads\/2022\/09\/220906-Splann-Enquete-methanisation-Proportion-estimee-de-la-surface-agricole-utile-des-intercommunalites-exploitee-pour-la-methanisation-en-2022-fr-min.png\" data-slb-active=\"1\" data-slb-asset=\"357396127\" data-slb-internal=\"0\"><img class=\"wp-image-6734 aligncenter size-full lazyloaded\" src=\"https:\/\/splann.org\/wp-content\/uploads\/2022\/09\/220906-Splann-Enquete-methanisation-Proportion-estimee-de-la-surface-agricole-utile-des-intercommunalites-exploitee-pour-la-methanisation-en-2022-fr-min.png\" sizes=\"(min-width: 0px) and (max-width: 480px) 480px, (min-width: 481px) and (max-width: 980px) 980px, (min-width: 981px) and (max-width: 1280px) 1280px, (min-width: 1281px) 1920px, 100vw\" srcset=\"https:\/\/splann.org\/wp-content\/uploads\/2022\/09\/220906-Splann-Enquete-methanisation-Proportion-estimee-de-la-surface-agricole-utile-des-intercommunalites-exploitee-pour-la-methanisation-en-2022-fr-min.png 1920w, https:\/\/splann.org\/wp-content\/uploads\/2022\/09\/220906-Splann-Enquete-methanisation-Proportion-estimee-de-la-surface-agricole-utile-des-intercommunalites-exploitee-pour-la-methanisation-en-2022-fr-min-1280x892.png 1280w, https:\/\/splann.org\/wp-content\/uploads\/2022\/09\/220906-Splann-Enquete-methanisation-Proportion-estimee-de-la-surface-agricole-utile-des-intercommunalites-exploitee-pour-la-methanisation-en-2022-fr-min-980x683.png 980w, https:\/\/splann.org\/wp-content\/uploads\/2022\/09\/220906-Splann-Enquete-methanisation-Proportion-estimee-de-la-surface-agricole-utile-des-intercommunalites-exploitee-pour-la-methanisation-en-2022-fr-min-480x335.png 480w\" alt=\"220906 - Splann ! Enqu\u00eate m\u00e9thanisation Proportion estim\u00e9e de la surface agricole utile des intercommunalit\u00e9s exploit\u00e9e pour la m\u00e9thanisation en 2022 fr-min\" width=\"1920\" height=\"1338\" data-srcset=\"https:\/\/splann.org\/wp-content\/uploads\/2022\/09\/220906-Splann-Enquete-methanisation-Proportion-estimee-de-la-surface-agricole-utile-des-intercommunalites-exploitee-pour-la-methanisation-en-2022-fr-min.png 1920w, https:\/\/splann.org\/wp-content\/uploads\/2022\/09\/220906-Splann-Enquete-methanisation-Proportion-estimee-de-la-surface-agricole-utile-des-intercommunalites-exploitee-pour-la-methanisation-en-2022-fr-min-1280x892.png 1280w, https:\/\/splann.org\/wp-content\/uploads\/2022\/09\/220906-Splann-Enquete-methanisation-Proportion-estimee-de-la-surface-agricole-utile-des-intercommunalites-exploitee-pour-la-methanisation-en-2022-fr-min-980x683.png 980w, https:\/\/splann.org\/wp-content\/uploads\/2022\/09\/220906-Splann-Enquete-methanisation-Proportion-estimee-de-la-surface-agricole-utile-des-intercommunalites-exploitee-pour-la-methanisation-en-2022-fr-min-480x335.png 480w\" data-src=\"https:\/\/splann.org\/wp-content\/uploads\/2022\/09\/220906-Splann-Enquete-methanisation-Proportion-estimee-de-la-surface-agricole-utile-des-intercommunalites-exploitee-pour-la-methanisation-en-2022-fr-min.png\" data-sizes=\"(min-width: 0px) and (max-width: 480px) 480px, (min-width: 481px) and (max-width: 980px) 980px, (min-width: 981px) and (max-width: 1280px) 1280px, (min-width: 1281px) 1920px, 100vw\" \/><\/a><\/p>\n<p><em>Cliquez sur la carte pour l\u2019agrandir \u2013<span>\u00a0<\/span><a href=\"https:\/\/splann.org\/methanisation-gachis-alimentaire\/#bo%C3%AEte-noire\">M\u00e9thodologie \u00e0 lire dans la bo\u00eete noire<\/a><\/em><\/p>\n<p>Le hic, c\u2019est que produire du ma\u00efs pour les m\u00e9thaniseurs est \u00ab<span>\u00a0<\/span><em>plus r\u00e9mun\u00e9rateur que de produire du lait ou des c\u00e9r\u00e9ales pour le march\u00e9 alimentaire<\/em><span>\u00a0<\/span>\u00bb, souligne le Conseil \u00e9conomique social et environnemental r\u00e9gional, le Ceser,<span>\u00a0<\/span><a href=\"https:\/\/splann.org\/wp-content\/uploads\/2022\/09\/210601-Splann-Ceser-Bretagne-Rapport-Lalimentation-en-Bretagne-a-lhorizon-2050-quels-enjeux-de-societe.pdf\">dans son rapport de juin 2021 sur l\u2019alimentation en Bretagne \u00e0 l\u2019horizon 2050<\/a>.<\/p>\n<p>L\u2019augmentation de la part des cultures d\u00e9di\u00e9es \u00e0 la m\u00e9thanisation avait d\u00e9j\u00e0 \u00e9t\u00e9 signal\u00e9e par le conseil r\u00e9gional de Bretagne. \u00ab<span>\u00a0<\/span><em>Selon les plans d\u2019approvisionnement pr\u00e9visionnels [de cultures principales d\u00e9di\u00e9es \u00e0 l\u2019\u00e9nergie, NDLR], pr\u00e8s de la moiti\u00e9 des unit\u00e9s de m\u00e9thanisation \u00e0 la ferme avaient initialement pr\u00e9vu de valoriser cette ressource pour un total d\u2019environ 6 000 tonnes de mati\u00e8re s\u00e8che soit l\u2019\u00e9quivalent de 400 hectares et 3 % du tonnage entrant. Avec la multiplication du nombre d\u2019unit\u00e9s de m\u00e9thanisation et la concurrence croissante des mati\u00e8res entre m\u00e9thaniseurs, on peut supposer que ces chiffres sont certainement sous-estim\u00e9s<\/em><span>\u00a0<\/span>\u00bb,<span>\u00a0<\/span><a href=\"https:\/\/splann.org\/wp-content\/uploads\/2022\/09\/191001-Splann-Prefet-Bretagne-Schema-regional-biomasse-de-Bretagne-2018-2023.pdf\">d\u00e9claraient les \u00e9lus de la r\u00e9gion, dans une d\u00e9lib\u00e9ration des 7 et 8 f\u00e9vrier 2019 sur le sch\u00e9ma r\u00e9gional biomasse (SRB)<\/a>.<\/p>\n<p>Dans le SRB, la r\u00e9gion Bretagne envisageait d\u2019aller plus loin que la seule r\u00e8gle des 15 %, en limitant les cultures d\u00e9di\u00e9es \u00e0 10 % de la surface agricole utile (SAU). La chambre r\u00e9gionale d\u2019agriculture a toutefois demand\u00e9 le retrait de cette mesure, la jugeant trop contraignante\u2026 et potentiellement fatale pour les projets. \u00ab<span>\u00a0<\/span><em>Nous faisons le constat que l\u2019inscription dans les projets [de m\u00e9thanisation agricole] de cultures d\u00e9di\u00e9es est un crit\u00e8re incontournable pour les organismes bancaires. Concr\u00e8tement, le risque est donc de voir les banques refuser d\u2019accorder des pr\u00eats aux agriculteurs<\/em><span>\u00a0<\/span>\u00bb,<span>\u00a0<\/span><a href=\"https:\/\/splann.org\/wp-content\/uploads\/2022\/09\/190814-Splann-Chambre-dagriculture-de-Bretagne-Avis-sur-le-projet-de-schema-regional-biomasse.pdf\">indique-t-elle dans un avis du 14 ao\u00fbt 2019<\/a>.<\/p>\n<p>Autrement dit : pour obtenir un pr\u00eat, il faut montrer qu\u2019on va cultiver des v\u00e9g\u00e9taux pour produire de l\u2019\u00e9nergie.<\/p>\n<h2>Ne pas r\u00e9p\u00e9ter les erreurs du mod\u00e8le allemand<\/h2>\n<p>Andr\u00e9 Sergent, pr\u00e9sident de la chambre r\u00e9gionale d\u2019agriculture, consid\u00e8re que les r\u00e8gles sur les cultures principales sont respect\u00e9es. \u00ab<span>\u00a0<\/span><em>La direction r\u00e9gionale de l\u2019Environnement, de l\u2019Am\u00e9nagement et du Logement (DREAL) d\u00e9montre que globalement, en Bretagne, la m\u00e9thanisation utilise beaucoup moins que 15 % de cultures d\u00e9di\u00e9es<\/em><span>\u00a0<\/span>\u00bb, rassure-t-il. N\u00e9anmoins, l\u2019\u00e9lu FDSEA admet avoir \u00e9t\u00e9 alert\u00e9 \u00e0 plusieurs reprises de suspicions d\u2019entorses au code de l\u2019environnement, via l\u2019utilisation des \u00ab fausses CIVE \u00bb.<\/p>\n<p>La chambre r\u00e9gionale d\u2019agriculture estime le cadre suffisant pour \u00e9viter une d\u00e9rive vers un mod\u00e8le germanique, o\u00f9 la production de ma\u00efs \u00e0 destination des m\u00e9thaniseurs s\u2019est envol\u00e9e. \u00ab<em><span>\u00a0<\/span>Il y a quelques agriculteurs qui se disent qu\u2019ils vont vendre vaches et cochons et devenir m\u00e9thaniseurs, sur le mod\u00e8le allemand,<\/em><span>\u00a0<\/span>d\u00e9clare Andr\u00e9 Sergent.<span>\u00a0<\/span><em>Je consid\u00e8re qu\u2019il s\u2019agit d\u2019une d\u00e9rive par rapport au syst\u00e8me de m\u00e9thanisation que je souhaite.<\/em><span>\u00a0<\/span>\u00bb<\/p>\n<p>Cette d\u00e9rive \u00e0 l\u2019allemande pourrait malgr\u00e9 tout advenir,<span>\u00a0<\/span><a href=\"https:\/\/splann.org\/wp-content\/uploads\/2022\/09\/210701-Splann-Ministere-de-lAgriculture-Une-analyse-de-filiere-des-dynamiques-de-revenus-de-la-methanisation-agricole-Pascal-Grouiez.pdf\">selon un article de l\u2019\u00e9conomiste Pascal Grouiez du laboratoire Ladyss<\/a><span>\u00a0<\/span>(CNRS). Les c\u00e9r\u00e9aliers, les plus \u00e0 m\u00eame de financer des m\u00e9thaniseurs de tr\u00e8s grande capacit\u00e9, pourraient revendiquer la lev\u00e9e du verrou des 15 %. \u00ab<span>\u00a0<\/span><em>Le mod\u00e8le fran\u00e7ais se rapprocherait alors du mod\u00e8le allemand, o\u00f9 les cultures d\u00e9di\u00e9es occupent une place centrale, r\u00e9duisant les possibilit\u00e9s pour les \u00e9leveurs de diversifier leurs revenus par la m\u00e9thanisation<\/em><span>\u00a0<\/span>\u00bb, indiquent les auteurs de l\u2019\u00e9tude dans<span>\u00a0<\/span><a href=\"https:\/\/splann.org\/wp-content\/uploads\/2022\/09\/200801-Splann-Ministere-de-lagriculture-Revenus-issus-de-la-methanisation-agricole-dans-un-contexte-de-developpement-de-linjection.pdf\">une note \u00e0 destination des d\u00e9cideurs<\/a>. Les \u00e9leveurs deviendraient alors \u00ab<span>\u00a0<\/span><em>de simples apporteurs de mati\u00e8res dans des unit\u00e9s de m\u00e9thanisation port\u00e9es par d\u2019autres (industriels, c\u00e9r\u00e9aliers, etc.), r\u00e9duisant ainsi leur possibilit\u00e9 d\u2019obtenir un revenu correct de la m\u00e9thanisation<\/em><span>\u00a0<\/span>\u00bb.<\/p>\n<p>Rapha\u00ebl Baldos<\/p>\n<\/div>\n<\/div>\n<p><!--more--><\/p>\n<div class=\"et_pb_module et_pb_text et_pb_text_2 et_pb_text_align_left et_pb_bg_layout_light\">\n<div class=\"et_pb_text_inner\">\n<p>Des informations \u00e0 nous communiquer ? \u00c9crivez-nous \u00e0 splann [@] riseup.net et nous vous expliquerons comment nous joindre des documents de fa\u00e7on s\u00e9curis\u00e9e.<\/p>\n<\/div>\n<\/div>\n<div class=\"et_pb_with_border et_pb_module et_pb_text et_pb_text_3 et_pb_text_align_left et_pb_bg_layout_light\">\n<div class=\"et_pb_text_inner\">\n<h3>\u00ab On ne va pas partir du principe que \u00e7a va mal se passer \u00bb<\/h3>\n<h4>Exemple du laxisme des collectivit\u00e9s face aux d\u00e9rives<\/h4>\n<p>Loin de la Bretagne, l\u2019exemple du Grand Est, premi\u00e8re r\u00e9gion de France en nombre de m\u00e9thaniseurs, est tr\u00e8s r\u00e9v\u00e9lateur de l\u2019attitude des collectivit\u00e9s face au d\u00e9veloppement de la m\u00e9thanisation. Pendant l\u2019\u00e9laboration de son sch\u00e9ma r\u00e9gional biomasse en 2020 (le SRB, qui guide le d\u00e9veloppement de la fili\u00e8re),<span>\u00a0<\/span><a href=\"https:\/\/splann.org\/wp-content\/uploads\/2022\/09\/201021-Splann-Autorite-environnementale-Avis-schema-regional-biomasse-Grand-Est-1.pdf\" target=\"_blank\" rel=\"noopener noreferrer\">l\u2019Autorit\u00e9 environnementale recommande \u00e0 la R\u00e9gion de<\/a><span>\u00a0<\/span>\u00ab<em><span>\u00a0<\/span>pr\u00e9ciser et de quantifier les effets de l\u2019augmentation du volume de cultures interm\u00e9diaires et d\u2019herbe que le SRB pr\u00e9voit de mobiliser, et de pr\u00e9voir des mesures \u00e0 m\u00eame de pr\u00e9venir tout retournement de prairie au profit d\u2019un usage \u00e9nerg\u00e9tique<\/em><span>\u00a0<\/span>\u00bb.<\/p>\n<p>La R\u00e9gion Grand Est a bott\u00e9 en touche, \u00ab faute de recul et de connaissance \u00bb, ajoutant que \u00ab<span>\u00a0<\/span><a href=\"https:\/\/splann.org\/wp-content\/uploads\/2022\/09\/201021-Splann-Region-Grand-Est-Memoire-en-reponse-a-lavis-de-Autorite-environnementale-schema-regional-biomasse.pdf\" target=\"_blank\" rel=\"noopener noreferrer\"><em>le SRB ne pr\u00e9suppose pas le d\u00e9veloppement d\u2019incidences n\u00e9gatives \u00e0 l\u2019\u00e9chelle r\u00e9gionale<\/em><\/a><span>\u00a0<\/span>\u00bb. Autrement dit : on ne va pas partir du principe que \u00e7a va mal se passer. La recommandation de l\u2019Autorit\u00e9 environnementale n\u2019a pas \u00e9t\u00e9 suivie.<\/p>\n<\/div>\n<\/div>\n<div id=\"bo\u00eete-noire\" class=\"et_pb_with_border et_pb_module et_pb_text et_pb_text_4 et_pb_section_parallax et_pb_text_align_left et_pb_bg_layout_light\">\n<div class=\"et_pb_text_inner\">\n<h4>Note sur la carte de la proportion estim\u00e9e de la surface agricole utile des intercommalit\u00e9s exploit\u00e9es pour la m\u00e9thanisation en 2022<\/h4>\n<p>Le ma\u00efs ensilage, produit pour nourrir les animaux d\u2019\u00e9levage, est une culture v\u00e9g\u00e9tale souvent utilis\u00e9e en grande quantit\u00e9 dans les digesteurs des m\u00e9thaniseurs en Bretagne. Nous disposions de l\u2019information pr\u00e9cise du nombre de tonnes de ma\u00efs ensilage utilis\u00e9es pour quelques m\u00e9thaniseurs uniquement. Ce tonnage peut \u00eatre converti en surface en se basant sur un rendement moyen de 13 tonnes\/ha (donn\u00e9es de la chambre d\u2019agriculture de Bretagne). En outre, d\u2019autres sources d\u2019\u00e9nergie utilis\u00e9es dans les m\u00e9thaniseurs peuvent \u00eatre consid\u00e9r\u00e9es comme des mati\u00e8res soustraites \u00e0 la production alimentaire (exemples : cultures d\u00e9rob\u00e9es, lactos\u00e9rum, etc.), mais ces sources peuvent plus difficilement \u00eatre converties en surface.<\/p>\n<p>Malheureusement, on ne peut pas conna\u00eetre la composition d\u00e9taill\u00e9e des mati\u00e8res consomm\u00e9es dans chaque m\u00e9thaniseur breton. Afin d\u2019estimer la part des terres agricoles d\u00e9di\u00e9e \u00e0 la m\u00e9thanisation, nous avons donc d\u00e9cid\u00e9 de calculer une surface par m\u00e9thaniseur en \u00ab \u00e9quivalent ma\u00efs ensilage \u00bb, \u00e0 partir des donn\u00e9es officielles de la capacit\u00e9 de chaque m\u00e9thaniseur, en prenant en compte le fait que l\u00e9galement, les cultures v\u00e9g\u00e9tales peuvent repr\u00e9senter jusqu\u2019\u00e0 15 % de la capacit\u00e9 des m\u00e9thaniseurs. Cette carte ne repr\u00e9sente donc pas l\u2019ensemble des productions v\u00e9g\u00e9tales utilis\u00e9es dans un m\u00e9thaniseur, mais bien une estimation de l\u2019\u00e9quivalence en hectare du ma\u00efs d\u00e9di\u00e9 \u00e0 la production de gaz.<\/p>\n<\/div>\n<div class=\"article-image__container\">\n<figure><picture><img class=\"article-image lazy entered loaded lazy--loaded\" src=\"https:\/\/france3-regions.francetvinfo.fr\/image\/peo5ofHYaxb7QJn297e-8aplShY\/0x72:1922x1154\/800x450\/regions\/2021\/06\/14\/60c785e893593_210614_-_splann_banniere_partenaires_francais-5352990.jpg\" alt=\"\" width=\"600\" height=\"400\" data-src=\"https:\/\/france3-regions.francetvinfo.fr\/image\/peo5ofHYaxb7QJn297e-8aplShY\/0x72:1922x1154\/800x450\/regions\/2021\/06\/14\/60c785e893593_210614_-_splann_banniere_partenaires_francais-5352990.jpg\" data-ll-status=\"loaded\" \/><\/picture><figcaption>\n<div class=\"article-image__credits\"><span><\/span><span>\u00a9 @splann!<\/span><\/div>\n<\/figcaption><\/figure>\n<\/div>\n<p><strong>Cette enqu\u00eate est propos\u00e9e par<span>\u00a0<\/span><a href=\"https:\/\/splann.org\/donner\/#donner\" target=\"_blank\" rel=\"noopener noreferrer\"><em>Splann!<\/em><\/a>, organisation de journalistes d&rsquo;investigation ind\u00e9pendants, bas\u00e9e en Bretagne.<\/strong><\/p>\n<p><strong><a href=\"https:\/\/splann.org\/donner\/#donner\" target=\"_blank\" rel=\"noopener noreferrer\"><em>Splann!<span>\u00a0<\/span><\/em>est une ONG, sur le mod\u00e8le de Disclose<\/a>, qui vit des dons des citoyens. Cet article,<span>\u00a0<\/span><a href=\"https:\/\/splann.org\/enquete-methanisation-bretagne\/\" target=\"_blank\" rel=\"noopener noreferrer\">fait partie d&rsquo;une enqu\u00eate en quatre \u00e9pisodes sur la m\u00e9thanisation en Bretagne.<\/a><\/strong><\/p>\n<p><em>PS: J&rsquo;ai publi\u00e9 cet article sur mon blog pour en faire part au plus grand nombre et n&rsquo;en gagne aucune r\u00e9mun\u00e9ration. Mon objectif \u00e9tant \u00e9galement d&rsquo;en garder une trace pour mes informations personnelles et pour les ann\u00e9es futures.<\/em><\/p>\n<\/div>\n","protected":false},"excerpt":{"rendered":"<p>par\u00a0Rapha\u00ebl Baldos\u00a0|\u00a015 09 2022 Au lieu d\u2019\u00eatre utilis\u00e9es pour nourrir humains et animaux, des denr\u00e9es et cultures sont englouties en masse dans les m\u00e9thaniseurs. Contourner la loi pour laisser le champ libre au \u00ab ma\u00efs \u00e9nerg\u00e9tique \u00bb est un jeu d\u2019enfant, bien compris par les agriculteurs. Car les d\u00e9s sont pip\u00e9s : produire de l\u2019\u00e9nergie &hellip; <\/p>\n<p class=\"link-more\"><a href=\"https:\/\/www.igatamus.com\/bgc\/2022\/09\/15\/methanisation-gachis-alimentaire-droit-devant\/\" class=\"more-link\">Continuer la lecture<span class=\"screen-reader-text\"> de &laquo;&nbsp;M\u00e9thanisation : g\u00e2chis alimentaire droit devant&nbsp;&raquo;<\/span><\/a><\/p>\n","protected":false},"author":1,"featured_media":0,"comment_status":"open","ping_status":"open","sticky":false,"template":"","format":"standard","meta":[],"categories":[7,16,20,6],"tags":[],"_links":{"self":[{"href":"https:\/\/www.igatamus.com\/bgc\/wp-json\/wp\/v2\/posts\/955"}],"collection":[{"href":"https:\/\/www.igatamus.com\/bgc\/wp-json\/wp\/v2\/posts"}],"about":[{"href":"https:\/\/www.igatamus.com\/bgc\/wp-json\/wp\/v2\/types\/post"}],"author":[{"embeddable":true,"href":"https:\/\/www.igatamus.com\/bgc\/wp-json\/wp\/v2\/users\/1"}],"replies":[{"embeddable":true,"href":"https:\/\/www.igatamus.com\/bgc\/wp-json\/wp\/v2\/comments?post=955"}],"version-history":[{"count":5,"href":"https:\/\/www.igatamus.com\/bgc\/wp-json\/wp\/v2\/posts\/955\/revisions"}],"predecessor-version":[{"id":968,"href":"https:\/\/www.igatamus.com\/bgc\/wp-json\/wp\/v2\/posts\/955\/revisions\/968"}],"wp:attachment":[{"href":"https:\/\/www.igatamus.com\/bgc\/wp-json\/wp\/v2\/media?parent=955"}],"wp:term":[{"taxonomy":"category","embeddable":true,"href":"https:\/\/www.igatamus.com\/bgc\/wp-json\/wp\/v2\/categories?post=955"},{"taxonomy":"post_tag","embeddable":true,"href":"https:\/\/www.igatamus.com\/bgc\/wp-json\/wp\/v2\/tags?post=955"}],"curies":[{"name":"wp","href":"https:\/\/api.w.org\/{rel}","templated":true}]}}