{"id":893,"date":"2018-07-06T14:00:21","date_gmt":"2018-07-06T12:00:21","guid":{"rendered":"http:\/\/www.igatamus.com\/bgc\/?p=893"},"modified":"2022-07-06T14:01:09","modified_gmt":"2022-07-06T12:01:09","slug":"durees-de-conservation-des-graines-potageres","status":"publish","type":"post","link":"https:\/\/www.igatamus.com\/bgc\/2018\/07\/06\/durees-de-conservation-des-graines-potageres\/","title":{"rendered":"Dur\u00e9es de conservation des graines potag\u00e8res"},"content":{"rendered":"<h2><\/h2>\n<table id=\"tablepress-1\" class=\"tablepress tablepress-id-1\">\n<thead>\n<tr class=\"row-1 odd\">\n<th class=\"column-1\">Liste des fruits et l\u00e9gumes<\/th>\n<th class=\"column-2\">Chances de germination optimales<\/th>\n<th class=\"column-3\">R\u00e9duction des chances de germination \u00e0 70 %<\/th>\n<th class=\"column-4\">R\u00e9duction des chances de germination \u00e0 50 %<\/th>\n<\/tr>\n<\/thead>\n<tbody class=\"row-hover\">\n<tr class=\"row-2 even\">\n<td class=\"column-1\">Aubergines<\/td>\n<td class=\"column-2\">Jusqu&rsquo;\u00e0 4 ans<\/td>\n<td class=\"column-3\">A partir de la 5\u00e8me ann\u00e9e<\/td>\n<td class=\"column-4\">Au bout d&rsquo;environ 6-7 ans<\/td>\n<\/tr>\n<tr class=\"row-3 odd\">\n<td class=\"column-1\">Bettes<\/td>\n<td class=\"column-2\">Jusqu&rsquo;\u00e0 2 ans<\/td>\n<td class=\"column-3\">Entre 3 et 5 ans<\/td>\n<td class=\"column-4\">Entre 6 et 8 ans<\/td>\n<\/tr>\n<tr class=\"row-4 even\">\n<td class=\"column-1\">Betteraves<\/td>\n<td class=\"column-2\">Jusqu&rsquo;\u00e0 3 ans<\/td>\n<td class=\"column-3\">Entre 4 et 6 ans<\/td>\n<td class=\"column-4\">Entre 7 et 10 ans<\/td>\n<\/tr>\n<tr class=\"row-5 odd\">\n<td class=\"column-1\">Brocolis<\/td>\n<td class=\"column-2\">Jusqu&rsquo;\u00e0 3 ans<\/td>\n<td class=\"column-3\">A partir de la 4\u00e8me ann\u00e9e<\/td>\n<td class=\"column-4\">Au bout de 5-6 ans<\/td>\n<\/tr>\n<tr class=\"row-6 even\">\n<td class=\"column-1\">Carottes<\/td>\n<td class=\"column-2\">Jusqu&rsquo;\u00e0 2 ans<\/td>\n<td class=\"column-3\">A partir de la 3\u00e8me ann\u00e9e<\/td>\n<td class=\"column-4\">Entre 4 et 5 ans<\/td>\n<\/tr>\n<tr class=\"row-7 odd\">\n<td class=\"column-1\">C\u00e9leris et c\u00e9leris raves<\/td>\n<td class=\"column-2\">Jusqu&rsquo;\u00e0 3 ans<\/td>\n<td class=\"column-3\">A partir de la 4\u00e8me ann\u00e9e<\/td>\n<td class=\"column-4\">A partir de la 5\u00e8me ann\u00e9e<\/td>\n<\/tr>\n<tr class=\"row-8 even\">\n<td class=\"column-1\">Choux chinois<\/td>\n<td class=\"column-2\">Jusqu&rsquo;\u00e0 3 ans<\/td>\n<td class=\"column-3\">Entre 3 et 5 ans<\/td>\n<td class=\"column-4\">Entre 5 et 7 ans<\/td>\n<\/tr>\n<tr class=\"row-9 odd\">\n<td class=\"column-1\">Choux d&rsquo;\u00e9t\u00e9, de printemps et d&rsquo;hiver<\/td>\n<td class=\"column-2\">Jusqu&rsquo;\u00e0 3 ans<\/td>\n<td class=\"column-3\">Entre 4 et 5 ans<\/td>\n<td class=\"column-4\">Entre 6 et 8 ans<\/td>\n<\/tr>\n<tr class=\"row-10 even\">\n<td class=\"column-1\">Choux de Bruxelles<\/td>\n<td class=\"column-2\">Jusqu&rsquo;\u00e0 2 ans<\/td>\n<td class=\"column-3\">Entre 3 et 4 ans<\/td>\n<td class=\"column-4\">Entre 5 et 6 ans<\/td>\n<\/tr>\n<tr class=\"row-11 odd\">\n<td class=\"column-1\">Choux fris\u00e9s<\/td>\n<td class=\"column-2\">Jusqu&rsquo;\u00e0 4 ans<\/td>\n<td class=\"column-3\">A partir de la 5\u00e8me ann\u00e9e<\/td>\n<td class=\"column-4\">Entre 6 et 7 ans<\/td>\n<\/tr>\n<tr class=\"row-12 even\">\n<td class=\"column-1\">Choux fleurs<\/td>\n<td class=\"column-2\">Jusqu&rsquo;\u00e0 3 ans<\/td>\n<td class=\"column-3\">A partir de la 4\u00e8me ann\u00e9e<\/td>\n<td class=\"column-4\">A partir de la 5\u00e8me ann\u00e9e<\/td>\n<\/tr>\n<tr class=\"row-13 odd\">\n<td class=\"column-1\">Choux raves<\/td>\n<td class=\"column-2\">Jusqu&rsquo;\u00e0 3 ans<\/td>\n<td class=\"column-3\">Entre 4 et 5 ans<\/td>\n<td class=\"column-4\">Entre 6 et 7 ans<\/td>\n<\/tr>\n<tr class=\"row-14 even\">\n<td class=\"column-1\"><a href=\"https:\/\/au-potager-bio.com\/la-culture-du-concombre\/\" target=\"_blank\" rel=\"noopener noreferrer\">Concombres<\/a><\/td>\n<td class=\"column-2\">Jusqu&rsquo;\u00e0 2-3 ans<\/td>\n<td class=\"column-3\">A partir de la 4\u00e8me ann\u00e9e<\/td>\n<td class=\"column-4\">Entre 5 et 6 ans<\/td>\n<\/tr>\n<tr class=\"row-15 odd\">\n<td class=\"column-1\"><a href=\"https:\/\/au-potager-bio.com\/les-courges-et-courgettes\/\" target=\"_blank\" rel=\"noopener noreferrer\">Courges et courgettes<\/a><\/td>\n<td class=\"column-2\">Jusqu&rsquo;\u00e0 4 ans<\/td>\n<td class=\"column-3\">Entre 5 et 6 ans<\/td>\n<td class=\"column-4\">A partir de la 7\u00e8me ann\u00e9e<\/td>\n<\/tr>\n<tr class=\"row-16 even\">\n<td class=\"column-1\">Epinards<\/td>\n<td class=\"column-2\">Jusqu&rsquo;\u00e0 3 ans<\/td>\n<td class=\"column-3\">A partir de la 4\u00e8me ann\u00e9e<\/td>\n<td class=\"column-4\">A partir de la 6\u00e8me ann\u00e9e<\/td>\n<\/tr>\n<tr class=\"row-17 odd\">\n<td class=\"column-1\">Fenouils<\/td>\n<td class=\"column-2\">Jusqu&rsquo;\u00e0 3 ans<\/td>\n<td class=\"column-3\">A partir de la 4\u00e8me ann\u00e9e<\/td>\n<td class=\"column-4\">Aux environs des 6 ans<\/td>\n<\/tr>\n<tr class=\"row-18 even\">\n<td class=\"column-1\">F\u00e8ves<\/td>\n<td class=\"column-2\">Jusqu&rsquo;\u00e0 2 ans<\/td>\n<td class=\"column-3\">Entre 3 et 4 ans<\/td>\n<td class=\"column-4\">Entre 5 et 6 ans<\/td>\n<\/tr>\n<tr class=\"row-19 odd\">\n<td class=\"column-1\">Haricots \u00e0 rame et verts<\/td>\n<td class=\"column-2\">Jusqu&rsquo;\u00e0 2 ans<\/td>\n<td class=\"column-3\">A partir de la 3\u00e8me ann\u00e9e<\/td>\n<td class=\"column-4\">Entre 4 et 5 ans<\/td>\n<\/tr>\n<tr class=\"row-20 even\">\n<td class=\"column-1\"><a href=\"https:\/\/au-potager-bio.com\/comment-avoir-des-salades-toute-lanne\/\" target=\"_blank\" rel=\"noopener noreferrer\">Laitues, salades<\/a><\/td>\n<td class=\"column-2\">Jusqu&rsquo;\u00e0 3 ans<\/td>\n<td class=\"column-3\">A partir de la 4\u00e8me ann\u00e9e<\/td>\n<td class=\"column-4\">Au del\u00e0 des 5-6 ans<\/td>\n<\/tr>\n<tr class=\"row-21 odd\">\n<td class=\"column-1\">Melons<\/td>\n<td class=\"column-2\">Jusqu&rsquo;\u00e0 1 an<\/td>\n<td class=\"column-3\">A partir de la 2\u00e8me ann\u00e9e<\/td>\n<td class=\"column-4\">A partir de la 4\u00e8me ann\u00e9e<\/td>\n<\/tr>\n<tr class=\"row-22 even\">\n<td class=\"column-1\">Panais<\/td>\n<td class=\"column-2\">Jusqu&rsquo;\u00e0 1 an<\/td>\n<td class=\"column-3\">A partir de la 2\u00e8me ann\u00e9e<\/td>\n<td class=\"column-4\">A partir de la 4\u00e8me ann\u00e9e<\/td>\n<\/tr>\n<tr class=\"row-23 odd\">\n<td class=\"column-1\">Past\u00e8ques<\/td>\n<td class=\"column-2\">Jusqu&rsquo;\u00e0 3 ans<\/td>\n<td class=\"column-3\">Entre 4 et 6 ans<\/td>\n<td class=\"column-4\">Au del\u00e0 des 7 ans<\/td>\n<\/tr>\n<tr class=\"row-24 even\">\n<td class=\"column-1\">Poireaux<\/td>\n<td class=\"column-2\">Jusqu&rsquo;\u00e0 1 an<\/td>\n<td class=\"column-3\">A partir de la 2\u00e8me ann\u00e9e<\/td>\n<td class=\"column-4\">Entre 3 et 4 ans<\/td>\n<\/tr>\n<tr class=\"row-25 odd\">\n<td class=\"column-1\">Poir\u00e9es<\/td>\n<td class=\"column-2\">Jusqu&rsquo;\u00e0 1 an<\/td>\n<td class=\"column-3\">Entre 2 et 4 ans<\/td>\n<td class=\"column-4\">A partir de la 5\u00e8me ann\u00e9e<\/td>\n<\/tr>\n<tr class=\"row-26 even\">\n<td class=\"column-1\">Pois<\/td>\n<td class=\"column-2\">Jusqu&rsquo;\u00e0 3 ans<\/td>\n<td class=\"column-3\">A partir de la 4\u00e8me ann\u00e9e<\/td>\n<td class=\"column-4\">Au del\u00e0 des 7 ans<\/td>\n<\/tr>\n<tr class=\"row-27 odd\">\n<td class=\"column-1\"><a href=\"https:\/\/au-potager-bio.com\/les-poivrons-et-piments\/\" target=\"_blank\" rel=\"noopener noreferrer\">Poivrons et piments<\/a><\/td>\n<td class=\"column-2\">Jusqu&rsquo;\u00e0 3 ans<\/td>\n<td class=\"column-3\">A partir de la 4\u00e8me ann\u00e9e<\/td>\n<td class=\"column-4\">Entre 7 et 8 ans<\/td>\n<\/tr>\n<tr class=\"row-28 even\">\n<td class=\"column-1\">Radis<\/td>\n<td class=\"column-2\">Jusqu&rsquo;\u00e0 4 ans<\/td>\n<td class=\"column-3\">A partir de la 5\u00e8me ann\u00e9e<\/td>\n<td class=\"column-4\">A partir de la 7\u00e8me ann\u00e9e<\/td>\n<\/tr>\n<tr class=\"row-29 odd\">\n<td class=\"column-1\"><a href=\"https:\/\/au-potager-bio.com\/la-culture-des-navets-au-potager\/\" target=\"_blank\" rel=\"noopener noreferrer\">Navets<\/a><\/td>\n<td class=\"column-2\">Jusqu&rsquo;\u00e0 2 ans<\/td>\n<td class=\"column-3\">A partir de la 3\u00e8me ann\u00e9e<\/td>\n<td class=\"column-4\">A partir de la 5\u00e8me ann\u00e9e<\/td>\n<\/tr>\n<tr class=\"row-30 even\">\n<td class=\"column-1\"><a href=\"https:\/\/au-potager-bio.com\/comment-planter-des-tomates-au-potager\/\" target=\"_blank\" rel=\"noopener noreferrer\">Tomates<\/a><\/td>\n<td class=\"column-2\">Jusqu&rsquo;\u00e0 3-4 ans<\/td>\n<td class=\"column-3\">A partir de la 5\u00e8me ann\u00e9e<\/td>\n<td class=\"column-4\">A partir de 8-10 ans<\/td>\n<\/tr>\n<\/tbody>\n<\/table>\n","protected":false},"excerpt":{"rendered":"<p>Liste des fruits et l\u00e9gumes Chances de germination optimales R\u00e9duction des chances de germination \u00e0 70 % R\u00e9duction des chances de germination \u00e0 50 % Aubergines Jusqu&rsquo;\u00e0 4 ans A partir de la 5\u00e8me ann\u00e9e Au bout d&rsquo;environ 6-7 ans Bettes Jusqu&rsquo;\u00e0 2 ans Entre 3 et 5 ans Entre 6 et 8 ans Betteraves &hellip; <\/p>\n<p class=\"link-more\"><a href=\"https:\/\/www.igatamus.com\/bgc\/2018\/07\/06\/durees-de-conservation-des-graines-potageres\/\" class=\"more-link\">Continuer la lecture<span class=\"screen-reader-text\"> de &laquo;&nbsp;Dur\u00e9es de conservation des graines potag\u00e8res&nbsp;&raquo;<\/span><\/a><\/p>\n","protected":false},"author":1,"featured_media":0,"comment_status":"open","ping_status":"open","sticky":false,"template":"","format":"standard","meta":[],"categories":[16,15,5],"tags":[],"_links":{"self":[{"href":"https:\/\/www.igatamus.com\/bgc\/wp-json\/wp\/v2\/posts\/893"}],"collection":[{"href":"https:\/\/www.igatamus.com\/bgc\/wp-json\/wp\/v2\/posts"}],"about":[{"href":"https:\/\/www.igatamus.com\/bgc\/wp-json\/wp\/v2\/types\/post"}],"author":[{"embeddable":true,"href":"https:\/\/www.igatamus.com\/bgc\/wp-json\/wp\/v2\/users\/1"}],"replies":[{"embeddable":true,"href":"https:\/\/www.igatamus.com\/bgc\/wp-json\/wp\/v2\/comments?post=893"}],"version-history":[{"count":1,"href":"https:\/\/www.igatamus.com\/bgc\/wp-json\/wp\/v2\/posts\/893\/revisions"}],"predecessor-version":[{"id":894,"href":"https:\/\/www.igatamus.com\/bgc\/wp-json\/wp\/v2\/posts\/893\/revisions\/894"}],"wp:attachment":[{"href":"https:\/\/www.igatamus.com\/bgc\/wp-json\/wp\/v2\/media?parent=893"}],"wp:term":[{"taxonomy":"category","embeddable":true,"href":"https:\/\/www.igatamus.com\/bgc\/wp-json\/wp\/v2\/categories?post=893"},{"taxonomy":"post_tag","embeddable":true,"href":"https:\/\/www.igatamus.com\/bgc\/wp-json\/wp\/v2\/tags?post=893"}],"curies":[{"name":"wp","href":"https:\/\/api.w.org\/{rel}","templated":true}]}}