{"id":851,"date":"2020-02-26T18:29:22","date_gmt":"2020-02-26T17:29:22","guid":{"rendered":"http:\/\/www.igatamus.com\/bgc\/?p=851"},"modified":"2022-02-26T18:31:12","modified_gmt":"2022-02-26T17:31:12","slug":"duree-de-vie-et-de-germination-des-graines-du-potager","status":"publish","type":"post","link":"https:\/\/www.igatamus.com\/bgc\/2020\/02\/26\/duree-de-vie-et-de-germination-des-graines-du-potager\/","title":{"rendered":"Dur\u00e9e de vie et de germination des graines du potager"},"content":{"rendered":"<table>\n<tbody>\n<tr>\n<th>Esp\u00e8ce<\/th>\n<th>Facult\u00e9 germinative (Dur\u00e9e de vie)<\/th>\n<th>Temps de lev\u00e9e (et temp\u00e9rature)<\/th>\n<\/tr>\n<tr>\n<td>Aubergine<\/td>\n<td>6 ans<\/td>\n<td>4 \u00e0 8 jours 24\u00b0C<\/td>\n<\/tr>\n<tr>\n<td>Artichaut<\/td>\n<td>7 ans<\/td>\n<td>7 \u00e0 15 jours \u00e0 22\u00b0C<\/td>\n<\/tr>\n<tr>\n<td>Basilic<\/td>\n<td>4 \u00e0 8 ans<\/td>\n<td>10 jours<\/td>\n<\/tr>\n<tr>\n<td>Blette<\/td>\n<td>5 ans<\/td>\n<td>10-20j 10-30\u00b0C<\/td>\n<\/tr>\n<tr>\n<td>Betterave<\/td>\n<td>6 ans<\/td>\n<td>10j \u00e0 10-30\u00b0C<\/td>\n<\/tr>\n<tr>\n<td>Cardon<\/td>\n<td>5-7 ans<\/td>\n<td>5-15j 12\u00b0C min<\/td>\n<\/tr>\n<tr>\n<td>Carotte<\/td>\n<td>4-5 ans<\/td>\n<td>10-20j 7-30\u00b0C<\/td>\n<\/tr>\n<tr>\n<td>C\u00e9leri<\/td>\n<td>7 ans<\/td>\n<td>10-21j 16-21\u00b0C<\/td>\n<\/tr>\n<tr>\n<td>Chicor\u00e9es<\/td>\n<td>8-10 ans<\/td>\n<td>2-7j 25\u00b0C<\/td>\n<\/tr>\n<tr>\n<td>Chou Brocoli<\/td>\n<td>4-5 ans<\/td>\n<td>5-10j 7-30\u00b0C<\/td>\n<\/tr>\n<tr>\n<td>Chou de Bruxelles<\/td>\n<td>5-6 ans<\/td>\n<td>5-10j 7-20\u00b0C<\/td>\n<\/tr>\n<tr>\n<td>Chou de Chine<\/td>\n<td><\/td>\n<td>5j 7-30\u00b0C<\/td>\n<\/tr>\n<tr>\n<td>Chou-fleur<\/td>\n<td>5-6 ans<\/td>\n<td>8-10j 7-30\u00b0C<\/td>\n<\/tr>\n<tr>\n<td>Chou fris\u00e9 (Kale)<\/td>\n<td>5-6 ans<\/td>\n<td>10j 7-20\u00b0C<\/td>\n<\/tr>\n<tr>\n<td>Chou navet (rutabaga)<\/td>\n<td>3-4 ans<\/td>\n<td>4-7j<\/td>\n<\/tr>\n<tr>\n<td>Chou pomm\u00e9<\/td>\n<td>5 ans<\/td>\n<td>5-7j 7-30\u00b0C<\/td>\n<\/tr>\n<tr>\n<td>Chou-rave<\/td>\n<td>5 ans<\/td>\n<td>8-10j; 7-30\u00b0C<\/td>\n<\/tr>\n<tr>\n<td>Concombre et cornichon<\/td>\n<td>10 ans<\/td>\n<td>8-10j \u2013 16-35\u00b0C<\/td>\n<\/tr>\n<tr>\n<td>Courge<\/td>\n<td>4-6 ans<\/td>\n<td>6-10j 21-35\u00b0C<\/td>\n<\/tr>\n<tr>\n<td>Courgette<\/td>\n<td>4-6 ans<\/td>\n<td>6-10j 21-35\u00b0C<\/td>\n<\/tr>\n<tr>\n<td>Epinard<\/td>\n<td>4-5 ans<\/td>\n<td>6-15j 7-24\u00b0C<\/td>\n<\/tr>\n<tr>\n<td>Fenouil<\/td>\n<td>4 ans<\/td>\n<td>8-10j 12\u00b0C min<\/td>\n<\/tr>\n<tr>\n<td>F\u00e8ve<\/td>\n<td>5 ans<\/td>\n<td>8-30j 8\u00b0C min<\/td>\n<\/tr>\n<tr>\n<td>Haricot<\/td>\n<td>3 ans<\/td>\n<td>5-8j 16-30\u00b0C<\/td>\n<\/tr>\n<tr>\n<td>Laitue<\/td>\n<td>4-5 ans<\/td>\n<td>4-10j 5-27\u00b0C<\/td>\n<\/tr>\n<tr>\n<td>M\u00e2che<\/td>\n<td>5 ans<\/td>\n<td>12-15j 15-20\u00b0C<\/td>\n<\/tr>\n<tr>\n<td>Ma\u00efs<\/td>\n<td>2 ans<\/td>\n<td>10-15j 16-30\u00b0C<\/td>\n<\/tr>\n<tr>\n<td>Melon<\/td>\n<td>7 ans<\/td>\n<td>6-7j 24-35\u00b0C<\/td>\n<\/tr>\n<tr>\n<td>Navet<\/td>\n<td>4-5 ans<\/td>\n<td>4-7j 7-30\u00b0C<\/td>\n<\/tr>\n<tr>\n<td>Oignon<\/td>\n<td>2 ans<\/td>\n<td>20-25j 10-30\u00b0C<\/td>\n<\/tr>\n<tr>\n<td>Panais<\/td>\n<td>1 an<\/td>\n<td>10-25j 20\u00b0C<\/td>\n<\/tr>\n<tr>\n<td>Persil<\/td>\n<td>3 ans<\/td>\n<td>20j 16-30\u00b0C Possible de raccourcir ce temps, voir ci dessous mon astuce<\/td>\n<\/tr>\n<tr>\n<td>Piment et poivron<\/td>\n<td>4 ans<\/td>\n<td>10-15j 18-35\u00b0C<\/td>\n<\/tr>\n<tr>\n<td>Poireau<\/td>\n<td>2 ans<\/td>\n<td>10-20j 13-24\u00b0C<\/td>\n<\/tr>\n<tr>\n<td>Pois<\/td>\n<td>2-6 ans<\/td>\n<td>6-15j 5-24\u00b0C<\/td>\n<\/tr>\n<tr>\n<td>Pois chiche<\/td>\n<td>3-8 ans<\/td>\n<td>6-8j 20\u00b0C<\/td>\n<\/tr>\n<tr>\n<td>Radis et radis noir<\/td>\n<td>4-5 ans<\/td>\n<td>3-5j 7-32\u00b0C<\/td>\n<\/tr>\n<tr>\n<td>Salsifis et scorson\u00e8re<\/td>\n<td>12 ans<\/td>\n<td>8-10j 15\u00b0C<\/td>\n<\/tr>\n<tr>\n<td>T\u00e9tragone<\/td>\n<td>4 ans<\/td>\n<td>8-10j 15\u00b0C<\/td>\n<\/tr>\n<tr>\n<td>Tomate<\/td>\n<td>4-10 ans<\/td>\n<td>6-8j 16-30\u00b0C<\/td>\n<\/tr>\n<tr>\n<td>Physalis<\/td>\n<td>8 ans<\/td>\n<td>10j 16-30\u00b0C<\/td>\n<\/tr>\n<\/tbody>\n<\/table>\n","protected":false},"excerpt":{"rendered":"<p>Esp\u00e8ce Facult\u00e9 germinative (Dur\u00e9e de vie) Temps de lev\u00e9e (et temp\u00e9rature) Aubergine 6 ans 4 \u00e0 8 jours 24\u00b0C Artichaut 7 ans 7 \u00e0 15 jours \u00e0 22\u00b0C Basilic 4 \u00e0 8 ans 10 jours Blette 5 ans 10-20j 10-30\u00b0C Betterave 6 ans 10j \u00e0 10-30\u00b0C Cardon 5-7 ans 5-15j 12\u00b0C min Carotte 4-5 ans &hellip; <\/p>\n<p class=\"link-more\"><a href=\"https:\/\/www.igatamus.com\/bgc\/2020\/02\/26\/duree-de-vie-et-de-germination-des-graines-du-potager\/\" class=\"more-link\">Continuer la lecture<span class=\"screen-reader-text\"> de &laquo;&nbsp;Dur\u00e9e de vie et de germination des graines du potager&nbsp;&raquo;<\/span><\/a><\/p>\n","protected":false},"author":1,"featured_media":0,"comment_status":"open","ping_status":"open","sticky":false,"template":"","format":"standard","meta":[],"categories":[16,15,5],"tags":[],"_links":{"self":[{"href":"https:\/\/www.igatamus.com\/bgc\/wp-json\/wp\/v2\/posts\/851"}],"collection":[{"href":"https:\/\/www.igatamus.com\/bgc\/wp-json\/wp\/v2\/posts"}],"about":[{"href":"https:\/\/www.igatamus.com\/bgc\/wp-json\/wp\/v2\/types\/post"}],"author":[{"embeddable":true,"href":"https:\/\/www.igatamus.com\/bgc\/wp-json\/wp\/v2\/users\/1"}],"replies":[{"embeddable":true,"href":"https:\/\/www.igatamus.com\/bgc\/wp-json\/wp\/v2\/comments?post=851"}],"version-history":[{"count":1,"href":"https:\/\/www.igatamus.com\/bgc\/wp-json\/wp\/v2\/posts\/851\/revisions"}],"predecessor-version":[{"id":852,"href":"https:\/\/www.igatamus.com\/bgc\/wp-json\/wp\/v2\/posts\/851\/revisions\/852"}],"wp:attachment":[{"href":"https:\/\/www.igatamus.com\/bgc\/wp-json\/wp\/v2\/media?parent=851"}],"wp:term":[{"taxonomy":"category","embeddable":true,"href":"https:\/\/www.igatamus.com\/bgc\/wp-json\/wp\/v2\/categories?post=851"},{"taxonomy":"post_tag","embeddable":true,"href":"https:\/\/www.igatamus.com\/bgc\/wp-json\/wp\/v2\/tags?post=851"}],"curies":[{"name":"wp","href":"https:\/\/api.w.org\/{rel}","templated":true}]}}