{"id":426,"date":"2018-01-21T11:57:06","date_gmt":"2018-01-21T10:57:06","guid":{"rendered":"http:\/\/www.igatamus.com\/bgc\/?p=426"},"modified":"2018-01-21T11:57:06","modified_gmt":"2018-01-21T10:57:06","slug":"urssaf-nouveautes-2018","status":"publish","type":"post","link":"https:\/\/www.igatamus.com\/bgc\/2018\/01\/21\/urssaf-nouveautes-2018\/","title":{"rendered":"URSSAF nouveaut\u00e9s 2018"},"content":{"rendered":"<h1>Les changements concernant la CSG, les cotisations allocations familiales, maladie et CFP<\/h1>\n<div class=\"description\">\n<h3>Augmentation de la CSG<\/h3>\n<p>Le taux de la\u00a0<abbr><a href=\"https:\/\/www.urssaf.fr\/portail\/home\/actualites\/toute-lactualite-independant\/nouvelles-mesures-pour-les-indep\/les-changements-concernant-la-cs.html#\" rel=\"definitione5f1be3c-12d9-41b4-82ab-8c5a1e9dc520\">CSG<\/a><\/abbr>\u00a0applicable aux revenus d\u2019activit\u00e9 des travailleurs ind\u00e9pendants augmente de 1,70\u00a0point au 1<sup>er<\/sup>\u00a0janvier 2018, passant de 7,50\u00a0% \u00e0 9,20\u00a0%.<\/p>\n<p>En contrepartie, le taux de la cotisation d\u2019allocations familiales est revu \u00e0 la baisse et la r\u00e9duction d\u00e9gressive du taux de la cotisation d\u2019assurance maladie-maternit\u00e9 est renforc\u00e9e pour les travailleurs ind\u00e9pendants.<\/p>\n<p>Ces mesures seront appliqu\u00e9es \u00e0 partir de la d\u00e9claration des revenus 2017\u00a0d\u00e8s avril 2018.<\/p>\n<p>Pour les praticiens et auxiliaires m\u00e9dicaux conventionn\u00e9s, les cotisations maladie et famille sont partiellement prises en charge par l&rsquo;assurance maladie. Il est donc pr\u00e9vu que les cotisations d\u2019assurance vieillesse soient \u00e9galement prises en charge partiellement. La mise en place de cette mesure est subordonn\u00e9e \u00e0 la signature de\u00a0 nouvelles conventions\u00a0 avec les organisations syndicales des praticiens et auxiliaires m\u00e9dicaux.<\/p>\n<h3>R\u00e9duction du taux de la cotisation allocations familiales<\/h3>\n<p>Actuellement, le taux de la cotisation allocations familiales des travailleurs ind\u00e9pendants varie en fonction du revenu annuel des travailleurs ind\u00e9pendants\u00a0:<\/p>\n<ul class=\"bulletPointed\">\n<li>pour les revenus inf\u00e9rieurs \u00e0 43\u00a0151\u00a0\u20ac en 2017 (soit 110\u00a0% du\u00a0<a title=\"Base et taux de la cotisation d\u2019allocations familiales\" href=\"https:\/\/www.urssaf.fr\/portail\/home\/independant\/mes-cotisations\/quelles-cotisations\/la-cotisation-allocations-famili\/base-et-taux-de-la-cotisation-da.html\">plafond<\/a>\u00a0annuel de la S\u00e9curit\u00e9 sociale), le taux est fix\u00e9 \u00e0 2,15\u00a0% ;<\/li>\n<li>pour les revenus compris entre 43\u00a0151\u00a0\u20ac et 54\u00a0919\u00a0\u20ac en 2017 (soit 110\u00a0% et 140\u00a0% du\u00a0<abbr><a href=\"https:\/\/www.urssaf.fr\/portail\/home\/actualites\/toute-lactualite-independant\/nouvelles-mesures-pour-les-indep\/les-changements-concernant-la-cs.html#\" rel=\"definitiona6872df0-6520-4b81-af00-76c26fc189b8\">plafond<\/a><\/abbr>\u00a0annuel de la\u00a0<abbr><a href=\"https:\/\/www.urssaf.fr\/portail\/home\/actualites\/toute-lactualite-independant\/nouvelles-mesures-pour-les-indep\/les-changements-concernant-la-cs.html#\" rel=\"definition71039a5f-42fb-49f3-a04d-6a8d16195875\">S\u00e9curit\u00e9 sociale<\/a><\/abbr>), le taux augmente progressivement entre 2,15\u00a0% et 5,25\u00a0%\u00a0;<\/li>\n<li>pour les revenus sup\u00e9rieurs \u00e0 54\u00a0919\u00a0\u20ac en 2017 (soit 140\u00a0% du plafond annuel de la S\u00e9curit\u00e9 sociale), le taux est fix\u00e9 \u00e0 5,25\u00a0%.<\/li>\n<\/ul>\n<p>Le nouveau dispositif pr\u00e9voit que les travailleurs ind\u00e9pendants dont les revenus sont inf\u00e9rieurs \u00e0 un seuil fix\u00e9 par d\u00e9cret b\u00e9n\u00e9ficient d\u2019une r\u00e9duction pouvant atteindre 5,25\u00a0point du taux de leurs cotisations d\u2019allocations familiales. La cotisation d\u2019allocations familiales serait donc totalement exon\u00e9r\u00e9e dans certains cas.<\/p>\n<p>Ces mesures seront appliqu\u00e9es \u00e0 partir de la d\u00e9claration des revenus 2017\u00a0d\u00e8s avril 2018.<\/p>\n<p>Cette r\u00e9duction ne peut \u00eatre cumul\u00e9e avec aucun autre dispositif de r\u00e9duction ou d\u2019abattement, \u00e0 l\u2019exception de l\u2019exon\u00e9ration\u00a0<abbr><a href=\"https:\/\/www.urssaf.fr\/portail\/home\/actualites\/toute-lactualite-independant\/nouvelles-mesures-pour-les-indep\/les-changements-concernant-la-cs.html#\" rel=\"definition9a3127ea-2c46-459a-ac8e-8e1b6d89a0d1\">Accre<\/a><\/abbr>\u00a0et de la r\u00e9duction d\u00e9gressive du taux de la cotisation maladie maternit\u00e9.<\/p>\n<h3>Renforcement de la r\u00e9duction d\u00e9gressive de la cotisation d\u2019assurance maladie-maternit\u00e9<\/h3>\n<p>Les travailleurs ind\u00e9pendants sont redevables d\u2019une cotisation maladie-maternit\u00e9 de base au taux de 6,50\u00a0% et proportionnelle \u00e0 leurs revenus d\u2019activit\u00e9.<\/p>\n<p>Depuis le 1<sup>er<\/sup>\u00a0janvier 2017, cette cotisation fait l\u2019objet d\u2019une r\u00e9duction d\u00e9gressive dans la limite de 3,5\u00a0points pour les travailleurs ind\u00e9pendants ayant un revenu d\u2019activit\u00e9 inf\u00e9rieur \u00e0 27\u00a0459\u00a0en 2017 (70\u00a0% du plafond annuel de la S\u00e9curit\u00e9 sociale), soit un taux de cotisation de 3\u00a0%.<\/p>\n<p>La limite de la r\u00e9duction d\u00e9gressive de la cotisation maladie maternit\u00e9 serait port\u00e9e de 3,5 \u00e0 5\u00a0points soit un taux de cotisation \u00e0 1,50\u00a0% en fonction des revenus.<\/p>\n<p>Ces mesures seront appliqu\u00e9es \u00e0 partir de la d\u00e9claration des revenus 2017\u00a0d\u00e8s avril 2018.<\/p>\n<p>Cette mesure ne peut \u00eatre cumul\u00e9e avec aucun autre dispositif de r\u00e9duction ou d\u2019abattement, \u00e0 l\u2019exception de l\u2019exon\u00e9ration Accre et de la r\u00e9duction du taux d\u2019allocations familiales.<\/p>\n<h3>CFP\u00a0: Un double appel de la contribution en 2018<\/h3>\n<p>La contribution \u00e0 la formation professionnelle (<abbr><a href=\"https:\/\/www.urssaf.fr\/portail\/home\/actualites\/toute-lactualite-independant\/nouvelles-mesures-pour-les-indep\/les-changements-concernant-la-cs.html#\" rel=\"definitiona66fa557-5a75-48ba-83b1-e7aa8c04fe36\">CFP<\/a><\/abbr>) devient exigible en novembre de l\u2019ann\u00e9e de r\u00e9f\u00e9rence en lieu et place du mois de f\u00e9vrier de l\u2019ann\u00e9e suivante. Ainsi pour cette ann\u00e9e transitoire, en compl\u00e9ment de la contribution \u00e0 la formation professionnelle 2017\u00a0appel\u00e9e comme habituellement en f\u00e9vrier 2018, la contribution due au titre de l\u2019ann\u00e9e 2018\u00a0est ajout\u00e9e \u00e0 l\u2019\u00e9ch\u00e9ance de novembre 2018.<\/p>\n<p>Par ailleurs, la CFP des artisans, jusqu\u2019\u00e0 pr\u00e9sent appel\u00e9e par les centres des imp\u00f4ts, sera appel\u00e9e par les\u00a0<abbr><a href=\"https:\/\/www.urssaf.fr\/portail\/home\/actualites\/toute-lactualite-independant\/nouvelles-mesures-pour-les-indep\/les-changements-concernant-la-cs.html#\" rel=\"definition0fe1237c-8735-4296-86c5-31c5eaff92f1\">Urssaf<\/a><\/abbr>\u00a0\u00e0 compter de novembre 2018.<\/p>\n<\/div>\n","protected":false},"excerpt":{"rendered":"<p>Les changements concernant la CSG, les cotisations allocations familiales, maladie et CFP Augmentation de la CSG Le taux de la\u00a0CSG\u00a0applicable aux revenus d\u2019activit\u00e9 des travailleurs ind\u00e9pendants augmente de 1,70\u00a0point au 1er\u00a0janvier 2018, passant de 7,50\u00a0% \u00e0 9,20\u00a0%. En contrepartie, le taux de la cotisation d\u2019allocations familiales est revu \u00e0 la baisse et la r\u00e9duction d\u00e9gressive &hellip; <\/p>\n<p class=\"link-more\"><a href=\"https:\/\/www.igatamus.com\/bgc\/2018\/01\/21\/urssaf-nouveautes-2018\/\" class=\"more-link\">Continuer la lecture<span class=\"screen-reader-text\"> de &laquo;&nbsp;URSSAF nouveaut\u00e9s 2018&nbsp;&raquo;<\/span><\/a><\/p>\n","protected":false},"author":1,"featured_media":0,"comment_status":"open","ping_status":"open","sticky":false,"template":"","format":"standard","meta":[],"categories":[14,16],"tags":[],"_links":{"self":[{"href":"https:\/\/www.igatamus.com\/bgc\/wp-json\/wp\/v2\/posts\/426"}],"collection":[{"href":"https:\/\/www.igatamus.com\/bgc\/wp-json\/wp\/v2\/posts"}],"about":[{"href":"https:\/\/www.igatamus.com\/bgc\/wp-json\/wp\/v2\/types\/post"}],"author":[{"embeddable":true,"href":"https:\/\/www.igatamus.com\/bgc\/wp-json\/wp\/v2\/users\/1"}],"replies":[{"embeddable":true,"href":"https:\/\/www.igatamus.com\/bgc\/wp-json\/wp\/v2\/comments?post=426"}],"version-history":[{"count":1,"href":"https:\/\/www.igatamus.com\/bgc\/wp-json\/wp\/v2\/posts\/426\/revisions"}],"predecessor-version":[{"id":427,"href":"https:\/\/www.igatamus.com\/bgc\/wp-json\/wp\/v2\/posts\/426\/revisions\/427"}],"wp:attachment":[{"href":"https:\/\/www.igatamus.com\/bgc\/wp-json\/wp\/v2\/media?parent=426"}],"wp:term":[{"taxonomy":"category","embeddable":true,"href":"https:\/\/www.igatamus.com\/bgc\/wp-json\/wp\/v2\/categories?post=426"},{"taxonomy":"post_tag","embeddable":true,"href":"https:\/\/www.igatamus.com\/bgc\/wp-json\/wp\/v2\/tags?post=426"}],"curies":[{"name":"wp","href":"https:\/\/api.w.org\/{rel}","templated":true}]}}