{"id":242,"date":"2017-01-23T12:41:29","date_gmt":"2017-01-23T11:41:29","guid":{"rendered":"http:\/\/www.igatamus.com\/bgc\/?p=242"},"modified":"2017-06-23T12:44:56","modified_gmt":"2017-06-23T10:44:56","slug":"decret-n-2016-1302-du-4-octobre-2016-relatif-au-soutien-materiel-et-en-personnel-apporte-aux-anciens-presidents-de-la-republique","status":"publish","type":"post","link":"https:\/\/www.igatamus.com\/bgc\/2017\/01\/23\/decret-n-2016-1302-du-4-octobre-2016-relatif-au-soutien-materiel-et-en-personnel-apporte-aux-anciens-presidents-de-la-republique\/","title":{"rendered":"D\u00e9cret n\u00b0 2016-1302 du 4 octobre 2016 relatif au soutien mat\u00e9riel et en personnel apport\u00e9 aux anciens Pr\u00e9sidents de la R\u00e9publique"},"content":{"rendered":"<div class=\"enteteTexte\">NOR: PREX1628055D<\/p>\n<div class=\"enteteTexteELI\">ELI: Non disponible<\/div>\n<\/div>\n<div>\n<div><\/div>\n<div>\n<p align=\"left\">Le Pr\u00e9sident de la R\u00e9publique,<br \/>\nSur le rapport du Premier ministre,<br \/>\nVu la Constitution, notamment son article 37,<br \/>\nD\u00e9cr\u00e8te :<\/p>\n<div class=\"article\">\n<div class=\"titreArt\">Article 1<\/div>\n<p>Pendant les cinq ann\u00e9es qui suivent la cessation de leurs fonctions, il est mis \u00e0 disposition des anciens pr\u00e9sidents de la R\u00e9publique sept collaborateurs permanents, dont un directeur de cabinet du niveau de la cat\u00e9gorie A sup\u00e9rieure et trois collaborateurs du niveau de la cat\u00e9gorie A, ainsi que deux agents de service, appartenant \u00e0 la fonction publique ou r\u00e9mun\u00e9r\u00e9s par l&rsquo;Etat sur contrat.<\/p>\n<\/div>\n<p align=\"left\">Article 2<br \/>\nAu-del\u00e0 des cinq ann\u00e9es qui suivent la cessation de leurs fonctions, il est mis \u00e0 disposition des anciens Pr\u00e9sidents de la R\u00e9publique trois collaborateurs permanents, dont un directeur de cabinet du niveau de la cat\u00e9gorie A sup\u00e9rieure et un collaborateur du niveau de la cat\u00e9gorie A, ainsi qu&rsquo;un agent de service, appartenant \u00e0 la fonction publique ou r\u00e9mun\u00e9r\u00e9s par l&rsquo;Etat sur contrat.<\/p>\n<div class=\"article\">\n<div class=\"titreArt\">Article 3<br \/>\nIl est mis \u00e0 disposition des anciens Pr\u00e9sidents de la R\u00e9publique, en ad\u00e9quation avec les personnels mis \u00e0 leur disposition, des locaux meubl\u00e9s et \u00e9quip\u00e9s, dont le loyer, les charges et les frais g\u00e9n\u00e9raux sont pris en charge par l&rsquo;Etat.<\/div>\n<\/div>\n<p align=\"left\">\n<p align=\"left\">Article 4<br \/>\nLes anciens Pr\u00e9sidents de la R\u00e9publique b\u00e9n\u00e9ficient, pour leurs activit\u00e9s li\u00e9es \u00e0 leurs fonctions d&rsquo;anciens chefs de l&rsquo;Etat, de la prise en charge des frais de r\u00e9ception ainsi que des frais de d\u00e9placement, pour eux-m\u00eames et un collaborateur<\/p>\n<div class=\"article\">\n<div class=\"titreArt\">Article 5<br \/>\nLa gestion du dispositif de soutien mat\u00e9riel et en personnel apport\u00e9s aux anciens Pr\u00e9sidents de la R\u00e9publique est assur\u00e9e par les services du Premier ministre, \u00e0 l&rsquo;exception de leurs v\u00e9hicules et de leurs conducteurs qui sont mis en place par le minist\u00e8re de l&rsquo;int\u00e9rieur dans le cadre de la protection dont ils b\u00e9n\u00e9ficient.<\/div>\n<div class=\"titreArt\"><\/div>\n<\/div>\n<div class=\"article\">\n<div class=\"titreArt\">Article 6<\/div>\n<p>Pour les anciens Pr\u00e9sidents de la R\u00e9publique investis avant le 15 mai 2012, le d\u00e9lai de cinq ann\u00e9es mentionn\u00e9 \u00e0 l&rsquo;article 1er court \u00e0 compter de la date d&rsquo;entr\u00e9e en vigueur du pr\u00e9sent d\u00e9cret.<\/p>\n<\/div>\n<p align=\"left\">Article 7<br \/>\nLe Premier ministre, le ministre de l&rsquo;\u00e9conomie et des finances et le ministre de l&rsquo;int\u00e9rieur sont charg\u00e9s, chacun en ce qui le concerne, de l&rsquo;ex\u00e9cution du pr\u00e9sent d\u00e9cret, qui sera publi\u00e9 au Journal officiel de la R\u00e9publique fran\u00e7aise.<\/p>\n<\/div>\n<div>\n<p align=\"left\">Fait le 4 octobre 2016.<\/p>\n<p align=\"left\">Fran\u00e7ois Hollande<br \/>\nPar le Pr\u00e9sident de la R\u00e9publique :<\/p>\n<p align=\"left\">Le Premier ministre,<br \/>\nManuel Valls<\/p>\n<p align=\"left\">Le ministre de l&rsquo;\u00e9conomie et des finances,<br \/>\nMichel Sapin<\/p>\n<p align=\"left\">Le ministre de l&rsquo;int\u00e9rieur,<br \/>\nBernard Cazeneuve<\/p>\n<\/div>\n<pre>Source :\u00a0<a href=\"https:\/\/www.legifrance.gouv.fr\/affichTexte.do?cidTexte=JORFTEXT000033189352&amp;categorieLien=id\" target=\"_blank\" rel=\"noopener noreferrer\">Sur legifrance.gouv.fr Journal officiel<\/a><\/pre>\n<\/div>\n","protected":false},"excerpt":{"rendered":"<p>NOR: PREX1628055D ELI: Non disponible Le Pr\u00e9sident de la R\u00e9publique, Sur le rapport du Premier ministre, Vu la Constitution, notamment son article 37, D\u00e9cr\u00e8te : Article 1 Pendant les cinq ann\u00e9es qui suivent la cessation de leurs fonctions, il est mis \u00e0 disposition des anciens pr\u00e9sidents de la R\u00e9publique sept collaborateurs permanents, dont un directeur &hellip; <\/p>\n<p class=\"link-more\"><a href=\"https:\/\/www.igatamus.com\/bgc\/2017\/01\/23\/decret-n-2016-1302-du-4-octobre-2016-relatif-au-soutien-materiel-et-en-personnel-apporte-aux-anciens-presidents-de-la-republique\/\" class=\"more-link\">Continuer la lecture<span class=\"screen-reader-text\"> de &laquo;&nbsp;D\u00e9cret n\u00b0 2016-1302 du 4 octobre 2016 relatif au soutien mat\u00e9riel et en personnel apport\u00e9 aux anciens Pr\u00e9sidents de la R\u00e9publique&nbsp;&raquo;<\/span><\/a><\/p>\n","protected":false},"author":1,"featured_media":0,"comment_status":"open","ping_status":"open","sticky":false,"template":"","format":"standard","meta":[],"categories":[16,6],"tags":[],"_links":{"self":[{"href":"https:\/\/www.igatamus.com\/bgc\/wp-json\/wp\/v2\/posts\/242"}],"collection":[{"href":"https:\/\/www.igatamus.com\/bgc\/wp-json\/wp\/v2\/posts"}],"about":[{"href":"https:\/\/www.igatamus.com\/bgc\/wp-json\/wp\/v2\/types\/post"}],"author":[{"embeddable":true,"href":"https:\/\/www.igatamus.com\/bgc\/wp-json\/wp\/v2\/users\/1"}],"replies":[{"embeddable":true,"href":"https:\/\/www.igatamus.com\/bgc\/wp-json\/wp\/v2\/comments?post=242"}],"version-history":[{"count":1,"href":"https:\/\/www.igatamus.com\/bgc\/wp-json\/wp\/v2\/posts\/242\/revisions"}],"predecessor-version":[{"id":243,"href":"https:\/\/www.igatamus.com\/bgc\/wp-json\/wp\/v2\/posts\/242\/revisions\/243"}],"wp:attachment":[{"href":"https:\/\/www.igatamus.com\/bgc\/wp-json\/wp\/v2\/media?parent=242"}],"wp:term":[{"taxonomy":"category","embeddable":true,"href":"https:\/\/www.igatamus.com\/bgc\/wp-json\/wp\/v2\/categories?post=242"},{"taxonomy":"post_tag","embeddable":true,"href":"https:\/\/www.igatamus.com\/bgc\/wp-json\/wp\/v2\/tags?post=242"}],"curies":[{"name":"wp","href":"https:\/\/api.w.org\/{rel}","templated":true}]}}